{"id":157439,"date":"2019-08-24T19:38:34","date_gmt":"2019-08-24T16:38:34","guid":{"rendered":"http:\/\/ww-vb.mine.nu\/w108\/y-asi-va-nuestro-bal-bailealairelibre-este-sabado-en-la-primera-tanda-de-dos\/"},"modified":"2019-08-24T19:38:45","modified_gmt":"2019-08-24T16:38:45","slug":"y-asi-va-nuestro-bal-bailealairelibre-este-sabado-en-la-primera-tanda-de-dos","status":"publish","type":"post","link":"https:\/\/hameed.nwar.uk\/sa\/y-asi-va-nuestro-bal-bailealairelibre-este-sabado-en-la-primera-tanda-de-dos\/","title":{"rendered":"Y as\u00ed va nuestro BAL #BaileAlAireLibre este s\u00e1bado en la primera tanda de dos;&hellip;"},"content":{"rendered":"<p><img decoding=\"async\" src=\"https:\/\/instagram.fmed1-2.fna.fbcdn.net\/vp\/3651d4bc806a5688c4c9a17f3d2c3ebf\/5D63CCD0\/t51.2885-15\/e35\/67121285_187135145636571_6853642680076709061_n.jpg?_nc_ht=instagram.fmed1-2.fna.fbcdn.net\" alt=\"Y as\u00ed va nuestro BAL #BaileAlAireLibre este s\u00e1bado en la primera tanda de dos;\u2026\" \/><\/p>\n<blockquote class=\"instagram-media crf_flick\" data-instgrm-captioned data-instgrm-version=\"7\">\n<div class=\"crf_8px\">\n<div class=\"crf_jhu\">\n<div class=\"crf_item_med\"><\/div>\n<\/div>\n<p class=\"crf_iu\"> <a href=\"https:\/\/www.instagram.com\/p\/B1jb_IrnS6W\" class=\"crf_oul\" target=\"_blank\" rel=\"noopener noreferrer\">Y as\u00ed va nuestro BAL  #BaileAlAireLibre  este s\u00e1bado en la primera tanda de dos; m\u00e1s tarde a las four p.m. estaremos en la  #PlazaLaPastora apoyando a @labociudadano en su  #Pastorally y las  #birrasdespolarizadas<\/p>\n<p>Te esperamos  #VenAEcharUnPie con la  musicalizaci\u00f3n de nuestro DJ  @charlesleivdj, a partir de las 10 am y hasta la 1 pm. Es free of charge y sin clases, \u00a1bailas como bailas!<\/p>\n<p>Coordenadas de BAL<br \/>\n3ra. Av. de Los Palos Grandes con 2da. Transversal.<br \/>\nHorario: 10 a.m. a 1 p.m.<br \/>\nEstacionamiento: El de la plaza y centros comerciales cercanos.<br \/>\nMetro: Miranda.<br \/>\nRecomendaciones: llevar hidrataci\u00f3n y usar protecci\u00f3n photo voltaic.<br \/>\nPara todo p\u00fablico.<\/p>\n<p> #BAL  #BALCCS  #BaileAlAireLibre   #Chacao  #LosPalosGrandes  #LPG  #PlazaLPG  #Caracas  #Venezuela  #baile  #dance  #SocialDance  #StreetDance  #BailarEsSalud.  #salud  #Salsa  #mambo  #musica.  #salsadance  #well being<br \/>\n@leonciobarrios<br \/>\n@yordiarteaga<br \/>\n@charlesleivdj<br \/>\n@alcaldiachacao<br \/>\n@gustavoduquesaez  #AlcaldiadeChacao\u00a0  #Alcaldedechacao<br \/>\n@culturachacao  #25A\u00f1osCulturaChacao  #90A\u00f1osLosPalosGrandes<\/a><\/p>\n<p class=\"crf_tex\">A put up shared by @ahlam1399<\/p>\n<\/div>\n<\/blockquote>\n<p>Y as\u00ed va nuestro BAL  #BaileAlAireLibre  este s\u00e1bado en la primera tanda de dos; m\u00e1s tarde a las four p.m. estaremos en la  #PlazaLaPastora apoyando a @labociudadano en su  #Pastorally y las  #birrasdespolarizadas<\/p>\n<p>Te esperamos  #VenAEcharUnPie con la  musicalizaci\u00f3n de nuestro DJ  @charlesleivdj, a partir de las 10 am y hasta la 1 pm. Es free of charge y sin clases, \u00a1bailas como bailas!<\/p>\n<p>Coordenadas de BAL<br \/>\n3ra. Av. de Los Palos Grandes con 2da. Transversal.<br \/>\nHorario: 10 a.m. a 1 p.m.<br \/>\nEstacionamiento: El de la plaza y centros comerciales cercanos.<br \/>\nMetro: Miranda.<br \/>\nRecomendaciones: llevar hidrataci\u00f3n y usar protecci\u00f3n photo voltaic.<br \/>\nPara todo p\u00fablico.<\/p>\n<p> #BAL  #BALCCS  #BaileAlAireLibre   #Chacao  #LosPalosGrandes  #LPG  #PlazaLPG  #Caracas  #Venezuela  #baile  #dance  #SocialDance  #StreetDance  #BailarEsSalud.  #salud  #Salsa  #mambo  #musica.  #salsadance  #well being<br \/>\n@leonciobarrios<br \/>\n@yordiarteaga<br \/>\n@charlesleivdj<br \/>\n@alcaldiachacao<br \/>\n@gustavoduquesaez  #AlcaldiadeChacao\u00a0  #Alcaldedechacao<br \/>\n@culturachacao  #25A\u00f1osCulturaChacao  #90A\u00f1osLosPalosGrandes<\/p>\n","protected":false},"excerpt":{"rendered":"<p>Y as\u00ed va nuestro BAL #BaileAlAireLibre este s\u00e1bado en la primera tanda de dos; m\u00e1s tarde a las four p.m. estaremos en la #PlazaLaPastora apoyando a @labociudadano en su #Pastorally y las #birrasdespolarizadas Te esperamos #VenAEcharUnPie con la musicalizaci\u00f3n de nuestro DJ @charlesleivdj, a partir de las 10 am y hasta la 1 pm. Es &hellip;<\/p>\n","protected":false},"author":1,"featured_media":157441,"comment_status":"closed","ping_status":"closed","sticky":false,"template":"","format":"standard","meta":{"footnotes":""},"categories":[21],"tags":[],"class_list":["post-157439","post","type-post","status-publish","format-standard","has-post-thumbnail","hentry","category-tie-life-style"],"_links":{"self":[{"href":"https:\/\/hameed.nwar.uk\/sa\/wp-json\/wp\/v2\/posts\/157439","targetHints":{"allow":["GET"]}}],"collection":[{"href":"https:\/\/hameed.nwar.uk\/sa\/wp-json\/wp\/v2\/posts"}],"about":[{"href":"https:\/\/hameed.nwar.uk\/sa\/wp-json\/wp\/v2\/types\/post"}],"author":[{"embeddable":true,"href":"https:\/\/hameed.nwar.uk\/sa\/wp-json\/wp\/v2\/users\/1"}],"replies":[{"embeddable":true,"href":"https:\/\/hameed.nwar.uk\/sa\/wp-json\/wp\/v2\/comments?post=157439"}],"version-history":[{"count":0,"href":"https:\/\/hameed.nwar.uk\/sa\/wp-json\/wp\/v2\/posts\/157439\/revisions"}],"wp:featuredmedia":[{"embeddable":true,"href":"https:\/\/hameed.nwar.uk\/sa\/wp-json\/wp\/v2\/media\/157441"}],"wp:attachment":[{"href":"https:\/\/hameed.nwar.uk\/sa\/wp-json\/wp\/v2\/media?parent=157439"}],"wp:term":[{"taxonomy":"category","embeddable":true,"href":"https:\/\/hameed.nwar.uk\/sa\/wp-json\/wp\/v2\/categories?post=157439"},{"taxonomy":"post_tag","embeddable":true,"href":"https:\/\/hameed.nwar.uk\/sa\/wp-json\/wp\/v2\/tags?post=157439"}],"curies":[{"name":"wp","href":"https:\/\/api.w.org\/{rel}","templated":true}]}}