{"id":146745,"date":"2019-07-28T04:19:09","date_gmt":"2019-07-28T01:19:09","guid":{"rendered":"http:\/\/ww-vb.mine.nu\/w108\/un-adelanto-de-lo-que-se-viene-en-culiacansiguerifandovol2-se-llama-inescalderon-manana-estara\/"},"modified":"2019-07-28T04:19:10","modified_gmt":"2019-07-28T01:19:10","slug":"un-adelanto-de-lo-que-se-viene-en-culiacansiguerifandovol2-se-llama-inescalderon-manana-estara","status":"publish","type":"post","link":"https:\/\/hameed.nwar.uk\/sa\/un-adelanto-de-lo-que-se-viene-en-culiacansiguerifandovol2-se-llama-inescalderon-manana-estara\/","title":{"rendered":"Un adelanto de lo que se viene en #CuliacanSigueRifandoVol2 se llama #InesCalderon ma\u00f1ana estar\u00e1&hellip;"},"content":{"rendered":"<p><img decoding=\"async\" src=\"https:\/\/instagram.fmed1-2.fna.fbcdn.net\/vp\/d47720cfe7cf4ccafcfd5c54c3100f0a\/5D3F0238\/t51.2885-15\/e35\/66645487_432932850641816_5469268914939969173_n.jpg?_nc_ht=instagram.fmed1-2.fna.fbcdn.net\" alt=\"Un adelanto de lo que se viene en #CuliacanSigueRifandoVol2 se llama #InesCalderon ma\u00f1ana estar\u00e1\u2026\" \/><\/p>\n<blockquote class=\"instagram-media crf_flick\" data-instgrm-captioned data-instgrm-version=\"7\">\n<div class=\"crf_8px\">\n<div class=\"crf_flick2\">\n<div class=\"crf_item_med\"><\/div>\n<\/div>\n<p class=\"crf_iu\"> <a href=\"https:\/\/www.instagram.com\/p\/B0ZUvouHgfX\" class=\"crf_oul\" target=\"_blank\" rel=\"noopener noreferrer\">Un adelanto de lo que se viene en  #CuliacanSigueRifandoVol2 se llama  #InesCalderon  ma\u00f1ana estar\u00e1 disponible a las 6pm por nuestro canal de @youtube  #LaVentajaTv suscr\u00edbanse y activen la campanita!  #Alventajazo  #InesCalderon<\/a><\/p>\n<p class=\"crf_tex\">A publish shared by @ahlam1399<\/p>\n<\/div>\n<\/blockquote>\n<p>Un adelanto de lo que se viene en  #CuliacanSigueRifandoVol2 se llama  #InesCalderon  ma\u00f1ana estar\u00e1 disponible a las 6pm por nuestro canal de @youtube  #LaVentajaTv suscr\u00edbanse y activen la campanita!  #Alventajazo  #InesCalderon<\/p>\n","protected":false},"excerpt":{"rendered":"<p>Un adelanto de lo que se viene en #CuliacanSigueRifandoVol2 se llama #InesCalderon ma\u00f1ana estar\u00e1 disponible a las 6pm por nuestro canal de @youtube #LaVentajaTv suscr\u00edbanse y activen la campanita! #Alventajazo #InesCalderon A publish shared by @ahlam1399 Un adelanto de lo que se viene en #CuliacanSigueRifandoVol2 se llama #InesCalderon ma\u00f1ana estar\u00e1 disponible a las 6pm por &hellip;<\/p>\n","protected":false},"author":1,"featured_media":146747,"comment_status":"closed","ping_status":"closed","sticky":false,"template":"","format":"standard","meta":{"footnotes":""},"categories":[59191],"tags":[],"class_list":["post-146745","post","type-post","status-publish","format-standard","has-post-thumbnail","hentry","category-59191"],"_links":{"self":[{"href":"https:\/\/hameed.nwar.uk\/sa\/wp-json\/wp\/v2\/posts\/146745","targetHints":{"allow":["GET"]}}],"collection":[{"href":"https:\/\/hameed.nwar.uk\/sa\/wp-json\/wp\/v2\/posts"}],"about":[{"href":"https:\/\/hameed.nwar.uk\/sa\/wp-json\/wp\/v2\/types\/post"}],"author":[{"embeddable":true,"href":"https:\/\/hameed.nwar.uk\/sa\/wp-json\/wp\/v2\/users\/1"}],"replies":[{"embeddable":true,"href":"https:\/\/hameed.nwar.uk\/sa\/wp-json\/wp\/v2\/comments?post=146745"}],"version-history":[{"count":0,"href":"https:\/\/hameed.nwar.uk\/sa\/wp-json\/wp\/v2\/posts\/146745\/revisions"}],"wp:featuredmedia":[{"embeddable":true,"href":"https:\/\/hameed.nwar.uk\/sa\/wp-json\/wp\/v2\/media\/146747"}],"wp:attachment":[{"href":"https:\/\/hameed.nwar.uk\/sa\/wp-json\/wp\/v2\/media?parent=146745"}],"wp:term":[{"taxonomy":"category","embeddable":true,"href":"https:\/\/hameed.nwar.uk\/sa\/wp-json\/wp\/v2\/categories?post=146745"},{"taxonomy":"post_tag","embeddable":true,"href":"https:\/\/hameed.nwar.uk\/sa\/wp-json\/wp\/v2\/tags?post=146745"}],"curies":[{"name":"wp","href":"https:\/\/api.w.org\/{rel}","templated":true}]}}